{"id":1711,"date":"2017-01-19T21:05:47","date_gmt":"2017-01-19T20:05:47","guid":{"rendered":"http:\/\/civamapicole30.fr\/?p=1711"},"modified":"2022-03-03T15:46:38","modified_gmt":"2022-03-03T14:46:38","slug":"nous-avons-besoin-de-vous-aidez-nous-a-realiser-nos-actions","status":"publish","type":"post","link":"https:\/\/civamapicole30.fr\/index.php\/2017\/01\/19\/nous-avons-besoin-de-vous-aidez-nous-a-realiser-nos-actions\/","title":{"rendered":"Nous avons besoin de vous, aidez-nous \u00e0 r\u00e9aliser nos Actions&#8230;."},"content":{"rendered":"<header class=\"entry-header\">\n<div class=\"paragraph\"><strong><span style=\"font-size: large;\"><span style=\"color: #24678d;\">Pour cela vous pouvez\u00a0<\/span>:<\/span><\/strong><\/div>\n<div class=\"paragraph\">\n<ul>\n<li><em>en vous engageant dans notre association, vous devenez\u00a0<\/em><i>adh\u00e9rant<\/i><\/li>\n<li><em>et vous nous aidez pour l\u2019animation en devenant un membre actif et b\u00e9n\u00e9vole,<\/em><\/li>\n<\/ul>\n<\/div>\n<h1 class=\"entry-title page-title\">L\u2019association<\/h1>\n<p>\u00c0 quoi sert votre adh\u00e9sion ?<\/p>\n<\/header>\n<div class=\"entry-content clearfix\">\n<p>Les missions du CIVAM Apicole du Gard sont li\u00e9es \u00e0 la formation des apiculteurs, \u00e0 la vulgarisation de l\u2019apiculture , \u00a0la promotion et la valorisation des produits de la ruche.<br \/>\nToute l\u2019ann\u00e9e nous organisons des stages et atelier de perfectionnement , participons a des foires ou manifestations locales et des achats groupes de mat\u00e9riels ou fournitures apicoles .<\/p>\n<p>exemple de stage : \u00e9levage de reines, le nourrissement, les traitements la prophylaxie\u2026\u2026<\/p>\n<p>exemple d\u2019atelier : atelier cire et bougie, nougat et pain d\u2019\u00e9pice, hydromel \u2026\u2026\u2026<\/p>\n<\/div>\n<p>&nbsp;<\/p>\n<p><a href=\"https:\/\/drive.google.com\/open?id=0B5AEDyDSeyymTlEwT2pfYzRqc1U\">https:\/\/drive.google.com\/open?id=0B5AEDyDSeyymTlEwT2pfYzRqc1U<\/a><\/p>\n","protected":false},"excerpt":{"rendered":"<p>Pour cela vous pouvez\u00a0: en vous engageant dans notre association, vous devenez\u00a0adh\u00e9rant et vous nous aidez pour l\u2019animation en devenant un membre actif et b\u00e9n\u00e9vole, L\u2019association \u00c0 quoi sert votre adh\u00e9sion ? Les missions du CIVAM Apicole du Gard sont li\u00e9es \u00e0 la formation des apiculteurs, \u00e0 la vulgarisation de l\u2019apiculture , \u00a0la promotion et &hellip; <a href=\"https:\/\/civamapicole30.fr\/index.php\/2017\/01\/19\/nous-avons-besoin-de-vous-aidez-nous-a-realiser-nos-actions\/\" class=\"more-link\">Continuer la lecture de <span class=\"screen-reader-text\">Nous avons besoin de vous, aidez-nous \u00e0 r\u00e9aliser nos Actions&#8230;.<\/span>  <span class=\"meta-nav\">&rarr;<\/span><\/a><\/p>\n","protected":false},"author":12,"featured_media":0,"comment_status":"open","ping_status":"open","sticky":false,"template":"","format":"standard","meta":{"jetpack_post_was_ever_published":false,"_jetpack_newsletter_access":"","_jetpack_dont_email_post_to_subs":false,"_jetpack_newsletter_tier_id":0,"_jetpack_memberships_contains_paywalled_content":false,"_jetpack_memberships_contains_paid_content":false,"footnotes":"","jetpack_publicize_message":"","jetpack_publicize_feature_enabled":true,"jetpack_social_post_already_shared":true,"jetpack_social_options":{"image_generator_settings":{"template":"highway","default_image_id":0,"font":"","enabled":false},"version":2}},"categories":[1],"tags":[],"class_list":["post-1711","post","type-post","status-publish","format-standard","hentry","category-non-classe"],"jetpack_publicize_connections":[],"jetpack_featured_media_url":"","jetpack_sharing_enabled":true,"jetpack_shortlink":"https:\/\/wp.me\/p76iwL-rB","jetpack-related-posts":[{"id":2396,"url":"https:\/\/civamapicole30.fr\/index.php\/2018\/09\/20\/quelle-apiculture\/","url_meta":{"origin":1711,"position":0},"title":"Quelle apiculture ?","author":"Sylvette","date":"20 septembre 2018","format":false,"excerpt":"Avez-vous lu le Capital\u00a0? Cette \u0153uvre repr\u00e9sente le travail de la vie de Karl Marx pour faire comprendre aux travailleurs comment une infime partie de la population fait travailler plus que n\u00e9cessaire la grande majorit\u00e9 de la population active et s\u2019enrichit en s\u2019appropriant ce surtravail. Rassurez-vous, c\u2019est bien d\u2019apiculture et\u2026","rel":"","context":"Dans &quot;Non class\u00e9&quot;","block_context":{"text":"Non class\u00e9","link":"https:\/\/civamapicole30.fr\/index.php\/category\/non-classe\/"},"img":{"alt_text":"","src":"","width":0,"height":0},"classes":[]},{"id":1700,"url":"https:\/\/civamapicole30.fr\/index.php\/2017\/01\/16\/les-miel-poly-floraux-et-mono-floraux\/","url_meta":{"origin":1711,"position":1},"title":"Les miel poly-floraux et mono-floraux","author":"Sylvette","date":"16 janvier 2017","format":false,"excerpt":"Le miel Le miel est naturellement compos\u00e9 du nectar de diff\u00e9rentes fleurs. Les miels mono-floraux sont le r\u00e9sultat d\u2019une miell\u00e9e sur un environnement tr\u00e8s largement domin\u00e9 par une sorte de fleur, par exemple lavande, ch\u00e2taigner, romarin etc. Cette circonstance est due soit \u00e0 l\u2019activit\u00e9 agricole comme les champs de lavande\u2026","rel":"","context":"Dans &quot;Non class\u00e9&quot;","block_context":{"text":"Non class\u00e9","link":"https:\/\/civamapicole30.fr\/index.php\/category\/non-classe\/"},"img":{"alt_text":"","src":"","width":0,"height":0},"classes":[]},{"id":1933,"url":"https:\/\/civamapicole30.fr\/index.php\/2017\/02\/27\/le-mardi-14-fevrier-segolene-royal-a-mis-en-consultation-le-projet-de-decret\/","url_meta":{"origin":1711,"position":2},"title":"Le mardi 14 f\u00e9vrier S\u00e9gol\u00e8ne Royal a mis en consultation le projet de d\u00e9cret","author":"Sylvette","date":"27 f\u00e9vrier 2017","format":false,"excerpt":"\"Le mardi 14 f\u00e9vrier S\u00e9gol\u00e8ne Royal a mis en consultation le projet de d\u00e9cret qui fixe la liste des n\u00e9onicotino\u00efdes concern\u00e9s par l'interdiction vot\u00e9e dans le cadre de la loi sur la biodiversit\u00e9 promulgu\u00e9e l'\u00e9t\u00e9 dernier. Avec ce texte, notifi\u00e9 \u00e0 la Commission europ\u00e9enne le 2 f\u00e9vrier dernier, elle entend\u2026","rel":"","context":"Dans &quot;Non class\u00e9&quot;","block_context":{"text":"Non class\u00e9","link":"https:\/\/civamapicole30.fr\/index.php\/category\/non-classe\/"},"img":{"alt_text":"","src":"","width":0,"height":0},"classes":[]},{"id":2004,"url":"https:\/\/civamapicole30.fr\/index.php\/2017\/03\/15\/zero-phyto-100-bio-en-avant-premiere-a-sommieres\/","url_meta":{"origin":1711,"position":3},"title":"Z\u00e9ro Phyto 100% Bio en avant-premi\u00e8re \u00e0 Sommi\u00e8res !","author":"Sylvette","date":"15 mars 2017","format":false,"excerpt":"Z\u00e9ro Phyto 100% Bio en avant-premi\u00e8re \u00e0 Sommi\u00e8res ! Une projection organis\u00e9e par le CIVAM du Vidourle et Abeille et Biodiversit\u00e9 suivie d'un d\u00e9bat avec des acteurs locaux \u00a0 Mercredi 22 mars \u00e0 20h30 Au cin\u00e9ma Le Venise \u00e0 Sommi\u00e8res Entr\u00e9e: 4 \u20ac Ici aussi dans nos villes et villages,\u2026","rel":"","context":"Dans &quot;Non class\u00e9&quot;","block_context":{"text":"Non class\u00e9","link":"https:\/\/civamapicole30.fr\/index.php\/category\/non-classe\/"},"img":{"alt_text":"","src":"","width":0,"height":0},"classes":[]},{"id":1812,"url":"https:\/\/civamapicole30.fr\/index.php\/2017\/01\/29\/comment-signaler-des-frelons-asiatiques-dans-le-gard\/","url_meta":{"origin":1711,"position":4},"title":"Comment signaler des frelons Asiatiques dans le Gard","author":"Sylvette","date":"29 janvier 2017","format":false,"excerpt":"Seul le CODIS \u00e0 NIMES est habilit\u00e9 \u00e0 lancer une op\u00e9ration de destruction d'un nid de frelons asiatiques et cela en fonction de deux crit\u00e8res essentiels : sa situation g\u00e9ographique dans le D\u00e9partement et les renseignements fournis par l'un des 5 r\u00e9f\u00e9rents du GDSA 30 ( en l'occurrence le r\u00e9f\u00e9rent\u2026","rel":"","context":"Dans &quot;Non class\u00e9&quot;","block_context":{"text":"Non class\u00e9","link":"https:\/\/civamapicole30.fr\/index.php\/category\/non-classe\/"},"img":{"alt_text":"","src":"","width":0,"height":0},"classes":[]},{"id":2402,"url":"https:\/\/civamapicole30.fr\/index.php\/2018\/09\/21\/pour-le-pire-ou-le-meilleur\/","url_meta":{"origin":1711,"position":5},"title":"POUR LE PIRE OU LE MEILLEUR ?","author":"Sylvette","date":"21 septembre 2018","format":false,"excerpt":"________________________________________________________________________________________________ Communiqu\u00e9 de presse du 29 ao\u00fbt 2018 D\u00e9mission de Nicolas HULOT La gifle est tomb\u00e9e. Reste \u00e0 savoir si la sanction portera ses fruits. Ou si l\u2019absence de Nicolas HULOT favorisera plus encore l\u2019irresponsabilit\u00e9 au sein du gouvernement. Car c\u2019est bien d\u2019irresponsabilit\u00e9 qu\u2019il s\u2019agit. Le navire est ivre dans\u2026","rel":"","context":"Dans &quot;Non class\u00e9&quot;","block_context":{"text":"Non class\u00e9","link":"https:\/\/civamapicole30.fr\/index.php\/category\/non-classe\/"},"img":{"alt_text":"","src":"","width":0,"height":0},"classes":[]}],"_links":{"self":[{"href":"https:\/\/civamapicole30.fr\/index.php\/wp-json\/wp\/v2\/posts\/1711","targetHints":{"allow":["GET"]}}],"collection":[{"href":"https:\/\/civamapicole30.fr\/index.php\/wp-json\/wp\/v2\/posts"}],"about":[{"href":"https:\/\/civamapicole30.fr\/index.php\/wp-json\/wp\/v2\/types\/post"}],"author":[{"embeddable":true,"href":"https:\/\/civamapicole30.fr\/index.php\/wp-json\/wp\/v2\/users\/12"}],"replies":[{"embeddable":true,"href":"https:\/\/civamapicole30.fr\/index.php\/wp-json\/wp\/v2\/comments?post=1711"}],"version-history":[{"count":3,"href":"https:\/\/civamapicole30.fr\/index.php\/wp-json\/wp\/v2\/posts\/1711\/revisions"}],"predecessor-version":[{"id":3856,"href":"https:\/\/civamapicole30.fr\/index.php\/wp-json\/wp\/v2\/posts\/1711\/revisions\/3856"}],"wp:attachment":[{"href":"https:\/\/civamapicole30.fr\/index.php\/wp-json\/wp\/v2\/media?parent=1711"}],"wp:term":[{"taxonomy":"category","embeddable":true,"href":"https:\/\/civamapicole30.fr\/index.php\/wp-json\/wp\/v2\/categories?post=1711"},{"taxonomy":"post_tag","embeddable":true,"href":"https:\/\/civamapicole30.fr\/index.php\/wp-json\/wp\/v2\/tags?post=1711"}],"curies":[{"name":"wp","href":"https:\/\/api.w.org\/{rel}","templated":true}]}}